{"id":417,"date":"2022-12-07T14:17:55","date_gmt":"2022-12-07T12:17:55","guid":{"rendered":"http:\/\/ccsw.lu.lv\/?p=417"},"modified":"2022-12-07T14:19:27","modified_gmt":"2022-12-07T12:19:27","slug":"daliba-konference-green-deal-2023","status":"publish","type":"post","link":"https:\/\/ccsw.lu.lv\/index.php\/2022\/12\/07\/daliba-konference-green-deal-2023\/","title":{"rendered":"Dal\u012bba konferenc\u0113 \u201cGreen Deal &#8211; 2023\u201d"},"content":{"rendered":"<p>\u0160\u012b gada 5 \u2013 7 decembr\u012b par projekta rezult\u0101tiem tika sniegts zi\u0146ojums konferenc\u0113 \u201cGreen Deal &#8211; 2023\u201d, kuras laik\u0101 t\u0101s dal\u012bbnieki apl\u016bkoja jaut\u0101jumus par klimata tehnolo\u0123iju att\u012bst\u012bbu. Konferenc\u0113 piedal\u012bj\u0101s 862 dal\u012bbnieki no 38 valst\u012bm. No vienas puses dal\u012bba konferenc\u0113 bija noz\u012bm\u012bga, jo \u013c\u0101va iepaz\u012bties ar aktualit\u0101t\u0113m siltumn\u012bcefekta g\u0101zu emisiju mazin\u0101\u0161anas jom\u0101 k\u0101 ar\u012b sabiedr\u012bbas p\u0101reju uz klimatneitr\u0101lu att\u012bst\u012bbu. Konferences dal\u012bbnieki tika iepaz\u012bstin\u0101ti ar zi\u0146ojumu: <strong>M.K\u013cavi\u0146\u0161<\/strong><strong>,\u00a0<\/strong><strong>L.Ansone-Bertina, L.Arbidans, U.Celma (2022)<\/strong> <em>Progress at development of carbon capture technologies a tool to achieve carbon neutrality aims\u00a0. P\u0113c zi\u0146ojuma prezent\u0101cijas dal\u012bbnieki uzdeva jaut\u0101jumus par oglek\u013ca uztver\u0161anas risin\u0101jumu izmanto\u0161anas un sint\u0113zes apst\u0101k\u013ciem un ieg\u016bt\u0101s hidroogles \u012bpa\u0161\u012bb\u0101m.<\/em><\/p>\n<p>Links uz konferences programmu pieejams <a href=\"http:\/\/ccsw.lu.lv\/wp-content\/uploads\/2022\/12\/Conference-program.pdf\">\u0161eit.<\/a><\/p>\n","protected":false},"excerpt":{"rendered":"<p>\u0160\u012b gada 5 \u2013 7 decembr\u012b par projekta rezult\u0101tiem tika sniegts zi\u0146ojums konferenc\u0113 \u201cGreen Deal &#8211; 2023\u201d, kuras laik\u0101 t\u0101s dal\u012bbnieki apl\u016bkoja jaut\u0101jumus par klimata tehnolo\u0123iju att\u012bst\u012bbu. Konferenc\u0113 piedal\u012bj\u0101s 862 dal\u012bbnieki no 38 valst\u012bm. No vienas puses dal\u012bba konferenc\u0113 bija noz\u012bm\u012bga, jo \u013c\u0101va iepaz\u012bties ar aktualit\u0101t\u0113m siltumn\u012bcefekta g\u0101zu emisiju mazin\u0101\u0161anas jom\u0101 k\u0101 ar\u012b sabiedr\u012bbas p\u0101reju&#8230; <a class=\"read-more\" href=\"https:\/\/ccsw.lu.lv\/index.php\/2022\/12\/07\/daliba-konference-green-deal-2023\/\">Read more<\/a><\/p>\n","protected":false},"author":5,"featured_media":0,"comment_status":"closed","ping_status":"closed","sticky":false,"template":"","format":"standard","meta":[],"categories":[7],"tags":[],"_links":{"self":[{"href":"https:\/\/ccsw.lu.lv\/index.php\/wp-json\/wp\/v2\/posts\/417"}],"collection":[{"href":"https:\/\/ccsw.lu.lv\/index.php\/wp-json\/wp\/v2\/posts"}],"about":[{"href":"https:\/\/ccsw.lu.lv\/index.php\/wp-json\/wp\/v2\/types\/post"}],"author":[{"embeddable":true,"href":"https:\/\/ccsw.lu.lv\/index.php\/wp-json\/wp\/v2\/users\/5"}],"replies":[{"embeddable":true,"href":"https:\/\/ccsw.lu.lv\/index.php\/wp-json\/wp\/v2\/comments?post=417"}],"version-history":[{"count":4,"href":"https:\/\/ccsw.lu.lv\/index.php\/wp-json\/wp\/v2\/posts\/417\/revisions"}],"predecessor-version":[{"id":422,"href":"https:\/\/ccsw.lu.lv\/index.php\/wp-json\/wp\/v2\/posts\/417\/revisions\/422"}],"wp:attachment":[{"href":"https:\/\/ccsw.lu.lv\/index.php\/wp-json\/wp\/v2\/media?parent=417"}],"wp:term":[{"taxonomy":"category","embeddable":true,"href":"https:\/\/ccsw.lu.lv\/index.php\/wp-json\/wp\/v2\/categories?post=417"},{"taxonomy":"post_tag","embeddable":true,"href":"https:\/\/ccsw.lu.lv\/index.php\/wp-json\/wp\/v2\/tags?post=417"}],"curies":[{"name":"wp","href":"https:\/\/api.w.org\/{rel}","templated":true}]}}