{"id":116,"date":"2020-11-25T19:29:31","date_gmt":"2020-11-25T17:29:31","guid":{"rendered":"http:\/\/ccsw.lu.lv\/?p=116"},"modified":"2021-03-01T14:45:41","modified_gmt":"2021-03-01T12:45:41","slug":"konference-ekotech","status":"publish","type":"post","link":"https:\/\/ccsw.lu.lv\/index.php\/2020\/11\/25\/konference-ekotech\/","title":{"rendered":"Konference EcoTech 2020"},"content":{"rendered":"<p>No 22. l\u012bdz 25. novembrim Zviedrij\u0101, K\u0101r\u013ca Linneja v\u0101rd\u0101 nosauktaj\u0101\u00a0 universit\u0101t\u0113 tika organiz\u0113ta 12. ikgad\u0113j\u0101 dabaszin\u0101t\u0146u un tehnolo\u0123iju konference <a href=\"https:\/\/lnu.se\/en\/meet-linnaeus-university\/conferences\/previous-conferences\/eco-tech-2020\/\" target=\"_blank\" rel=\"noopener noreferrer\">Linnaeus EcoTech<\/a>. Konferences t\u0113mas bija dabas zin\u0101tnes, tehnolo\u0123ijas atkritumu un notek\u016bde\u0146u apsaimnieko\u0161anai, san\u0101cijai, emisiju samazin\u0101\u0161anai un vides aizsardz\u012bbai.<\/p>\n<p>Konference notika tie\u0161saistes form\u0101t\u0101 un t\u0101s m\u0113r\u0137is bija nostiprin\u0101t zieme\u013cvalstu un Baltijas j\u016bras re\u0123iona uz\u0146\u0113mumu, p\u0113tniec\u012bbas un izgl\u012bt\u012bbas instit\u016bciju sadarb\u012bbu.<\/p>\n<p>Konferenc\u0113 piedal\u012bj\u0101s m\u016bsu projekta komandas p\u0101rst\u0101vji: Valdis Bisters ar zi\u0146ojumu &#8220;Baltijas j\u016bras pludmales j\u016brasz\u0101\u013cu termo\u0137\u012bmisk\u0101 izmanto\u0161ana un t\u0101s iesp\u0113jas&#8221;\u00a0 un Raivo Damkevics ar prezent\u0101ciju &#8220;Latvijas vides politika no ietekmes uz vidi perspekt\u012bvas&#8221;.<\/p>\n","protected":false},"excerpt":{"rendered":"<p>No 22. l\u012bdz 25. novembrim Zviedrij\u0101, K\u0101r\u013ca Linneja v\u0101rd\u0101 nosauktaj\u0101\u00a0 universit\u0101t\u0113 tika organiz\u0113ta 12. ikgad\u0113j\u0101 dabaszin\u0101t\u0146u un tehnolo\u0123iju konference Linnaeus EcoTech. Konferences t\u0113mas bija dabas zin\u0101tnes, tehnolo\u0123ijas atkritumu un notek\u016bde\u0146u apsaimnieko\u0161anai, san\u0101cijai, emisiju samazin\u0101\u0161anai un vides aizsardz\u012bbai. Konference notika tie\u0161saistes form\u0101t\u0101 un t\u0101s m\u0113r\u0137is bija nostiprin\u0101t zieme\u013cvalstu un Baltijas j\u016bras re\u0123iona uz\u0146\u0113mumu, p\u0113tniec\u012bbas un izgl\u012bt\u012bbas&#8230; <a class=\"read-more\" href=\"https:\/\/ccsw.lu.lv\/index.php\/2020\/11\/25\/konference-ekotech\/\">Read more<\/a><\/p>\n","protected":false},"author":1,"featured_media":117,"comment_status":"closed","ping_status":"closed","sticky":false,"template":"","format":"standard","meta":[],"categories":[7],"tags":[],"_links":{"self":[{"href":"https:\/\/ccsw.lu.lv\/index.php\/wp-json\/wp\/v2\/posts\/116"}],"collection":[{"href":"https:\/\/ccsw.lu.lv\/index.php\/wp-json\/wp\/v2\/posts"}],"about":[{"href":"https:\/\/ccsw.lu.lv\/index.php\/wp-json\/wp\/v2\/types\/post"}],"author":[{"embeddable":true,"href":"https:\/\/ccsw.lu.lv\/index.php\/wp-json\/wp\/v2\/users\/1"}],"replies":[{"embeddable":true,"href":"https:\/\/ccsw.lu.lv\/index.php\/wp-json\/wp\/v2\/comments?post=116"}],"version-history":[{"count":4,"href":"https:\/\/ccsw.lu.lv\/index.php\/wp-json\/wp\/v2\/posts\/116\/revisions"}],"predecessor-version":[{"id":122,"href":"https:\/\/ccsw.lu.lv\/index.php\/wp-json\/wp\/v2\/posts\/116\/revisions\/122"}],"wp:featuredmedia":[{"embeddable":true,"href":"https:\/\/ccsw.lu.lv\/index.php\/wp-json\/wp\/v2\/media\/117"}],"wp:attachment":[{"href":"https:\/\/ccsw.lu.lv\/index.php\/wp-json\/wp\/v2\/media?parent=116"}],"wp:term":[{"taxonomy":"category","embeddable":true,"href":"https:\/\/ccsw.lu.lv\/index.php\/wp-json\/wp\/v2\/categories?post=116"},{"taxonomy":"post_tag","embeddable":true,"href":"https:\/\/ccsw.lu.lv\/index.php\/wp-json\/wp\/v2\/tags?post=116"}],"curies":[{"name":"wp","href":"https:\/\/api.w.org\/{rel}","templated":true}]}}